{"id":2865,"date":"2018-08-23T01:16:06","date_gmt":"2018-08-23T00:16:06","guid":{"rendered":"https:\/\/www.reservataximalaga.com\/?p=2865"},"modified":"2018-08-23T01:44:12","modified_gmt":"2018-08-23T00:44:12","slug":"reservez-votre-taxi-prive-a-malaga-a-lavance","status":"publish","type":"post","link":"https:\/\/www.reservataximalaga.com\/fr\/reservez-votre-taxi-prive-a-malaga-a-lavance\/","title":{"rendered":"R\u00e9servez votre taxi priv\u00e9 \u00e0 Malaga \u00e0 l&rsquo;avance"},"content":{"rendered":"<p>[vc_row][vc_column][vc_column_text]<\/p>\n<p style=\"text-align: justify;\">La meilleure fa\u00e7on de rester calme est de savoir que vous pouvez compter sur une entreprise s\u00e9rieuse pour vous garantir un service de <strong>transfert \u00e0 Malaga<\/strong>.<\/p>\n<p style=\"text-align: justify;\">La r\u00e9servation en taxi est particuli\u00e8rement importante lorsque vous devez voyager, que ce soit en avion, en bateau ou en train. C&rsquo;est parce qu&rsquo;un petit retard peut signifier que vous manquez votre voyage, votre argent et que vous passez un mauvais moment. C&rsquo;est pourquoi il est tr\u00e8s important de mesurer le temps bien avant le voyage.<\/p>\n<p style=\"text-align: justify;\">L&rsquo;une des choses qui peuvent vous ralentir le plus, c&rsquo;est la circulation dans les rues, alors avoir un transport en commun n&rsquo;est pas une bonne id\u00e9e. En conclusion, si vous n&rsquo;avez pas votre propre v\u00e9hicule ou quelqu&rsquo;un qui peut vous conduire \u00e0 votre destination, vous ne pouvez compter que sur un taxi priv\u00e9.<\/p>\n<p style=\"text-align: justify;\">Cependant, ce n&rsquo;est pas une bonne id\u00e9e d&rsquo;avoir un taxi ind\u00e9pendant dont vous n&rsquo;avez pas une connaissance r\u00e9elle de sa qualit\u00e9 et de sa fiabilit\u00e9. Pour ce faire, la meilleure solution est d&rsquo;avoir une ligne de taxi priv\u00e9e \u00e0 port\u00e9e de main.<\/p>\n<p style=\"text-align: justify;\"><strong>R\u00e9servations de taxi priv\u00e9 \u00e0 l&rsquo;a\u00e9roport de Malaga Costa del Sol<\/strong><\/p>\n<p style=\"text-align: justify;\">La r\u00e9servation de taxis priv\u00e9s \u00e0 Malaga est particuli\u00e8rement utile si vous devez prendre un vol \u00e0 l&rsquo;a\u00e9roport de Malaga Costa del Sol. Malaga est l&rsquo;une des provinces les plus fr\u00e9quent\u00e9es par les Espagnols et les touristes \u00e9trangers, surtout pendant les mois d&rsquo;\u00e9t\u00e9. Par cons\u00e9quent, trouver un moyen de transport \u00e0 l&rsquo;heure actuelle risque d&rsquo;\u00eatre plus compliqu\u00e9 qu&rsquo;il n&rsquo;y para\u00eet. Dans tous les cas, vous pouvez \u00e9viter tout probl\u00e8me en nous contactant, l&rsquo;une des compagnies de taxis priv\u00e9s les plus fiables de Malaga.<\/p>\n<p style=\"text-align: justify;\">Notre compagnie de taxis priv\u00e9s ne se concentre pas seulement sur le transport d&rsquo;un endroit \u00e0 un autre, mais aussi sur le confort tout au long du voyage. C&rsquo;est pourquoi nous offrons plusieurs services pour r\u00e9pondre aux besoins de nos clients. Par exemple, nous avons des taxis r\u00e9guliers, mais aussi de grands taxis avec jusqu&rsquo;\u00e0 9 places \u00e0 Malaga, id\u00e9al pour ceux qui doivent voyager en famille ou avec un groupe d&rsquo;amis.<\/p>\n<p style=\"text-align: justify;\">De plus, si vous voyagez avec de jeunes enfants ou des b\u00e9b\u00e9s, nous avons des si\u00e8ges pour enfants disponibles. D&rsquo;autre part, si vous avez beaucoup de bagages \u00e0 transporter, vous pouvez compter sur une de nos unit\u00e9s spacieuses, o\u00f9 vous pouvez mettre tous vos bagages dans le coffre.<\/p>\n<p style=\"text-align: justify;\">L&rsquo;une des garanties les plus importantes que nous donnons \u00e0 nos clients est peut-\u00eatre les taux fixes et tr\u00e8s comp\u00e9titifs sur le march\u00e9. C&rsquo;est parce que nous savons que des frais de derni\u00e8re minute sont souvent cr\u00e9\u00e9s qui ne causent que des d\u00e9sagr\u00e9ments inutiles aux utilisateurs, ce qui n&rsquo;est pas le cas chez nous.<\/p>\n<p style=\"text-align: justify;\">Comme nous l&rsquo;avons d\u00e9j\u00e0 mentionn\u00e9, l&rsquo;id\u00e9al est que vous nous contactiez pour faire votre r\u00e9servation \u00e0 l&rsquo;avance. Pour ce faire, vous pouvez nous contacter par notre num\u00e9ro de t\u00e9l\u00e9phone (+34) 678 84 84 84 84 84, \u00e9galement par WhatsApp. Nous sommes disponibles \u00e0 l&rsquo;a\u00e9roport de Malaga, \u00e0 la gare de Mar\u00eda Zambrano ou au port de Malaga. Vous pouvez \u00e9galement nous r\u00e9server directement sur notre site officiel, dans la section R\u00e9servation.<\/p>\n<p>&nbsp;<\/p>\n<p>[\/vc_column_text][\/vc_column][\/vc_row]<\/p>\n","protected":false},"excerpt":{"rendered":"<p>Amet ipsum id sem quis mauris porttitor conse quat id vitae dolor. Phasellus ligula velit molestie rhoncus ullamcorper mauris ultricies mi at pharetra lorem.<\/p>\n","protected":false},"author":5,"featured_media":2881,"comment_status":"closed","ping_status":"closed","sticky":false,"template":"","format":"standard","meta":{"site-sidebar-layout":"default","site-content-layout":"","ast-site-content-layout":"default","site-content-style":"default","site-sidebar-style":"default","ast-global-header-display":"","ast-banner-title-visibility":"","ast-main-header-display":"","ast-hfb-above-header-display":"","ast-hfb-below-header-display":"","ast-hfb-mobile-header-display":"","site-post-title":"","ast-breadcrumbs-content":"","ast-featured-img":"","footer-sml-layout":"","ast-disable-related-posts":"","theme-transparent-header-meta":"","adv-header-id-meta":"","stick-header-meta":"","header-above-stick-meta":"","header-main-stick-meta":"","header-below-stick-meta":"","astra-migrate-meta-layouts":"default","ast-page-background-enabled":"default","ast-page-background-meta":{"desktop":{"background-color":"var(--ast-global-color-4)","background-image":"","background-repeat":"repeat","background-position":"center center","background-size":"auto","background-attachment":"scroll","background-type":"","background-media":"","overlay-type":"","overlay-color":"","overlay-opacity":"","overlay-gradient":""},"tablet":{"background-color":"","background-image":"","background-repeat":"repeat","background-position":"center center","background-size":"auto","background-attachment":"scroll","background-type":"","background-media":"","overlay-type":"","overlay-color":"","overlay-opacity":"","overlay-gradient":""},"mobile":{"background-color":"","background-image":"","background-repeat":"repeat","background-position":"center center","background-size":"auto","background-attachment":"scroll","background-type":"","background-media":"","overlay-type":"","overlay-color":"","overlay-opacity":"","overlay-gradient":""}},"ast-content-background-meta":{"desktop":{"background-color":"var(--ast-global-color-5)","background-image":"","background-repeat":"repeat","background-position":"center center","background-size":"auto","background-attachment":"scroll","background-type":"","background-media":"","overlay-type":"","overlay-color":"","overlay-opacity":"","overlay-gradient":""},"tablet":{"background-color":"var(--ast-global-color-5)","background-image":"","background-repeat":"repeat","background-position":"center center","background-size":"auto","background-attachment":"scroll","background-type":"","background-media":"","overlay-type":"","overlay-color":"","overlay-opacity":"","overlay-gradient":""},"mobile":{"background-color":"var(--ast-global-color-5)","background-image":"","background-repeat":"repeat","background-position":"center center","background-size":"auto","background-attachment":"scroll","background-type":"","background-media":"","overlay-type":"","overlay-color":"","overlay-opacity":"","overlay-gradient":""}},"footnotes":""},"categories":[1],"tags":[130,158,157],"class_list":["post-2865","post","type-post","status-publish","format-standard","has-post-thumbnail","hentry","category-sin-categorizar","tag-costa-del-sol","tag-taxi-prive","tag-transfert-a-malaga"],"yoast_head":"<!-- This site is optimized with the Yoast SEO plugin v27.5 - https:\/\/yoast.com\/product\/yoast-seo-wordpress\/ -->\n<title>R\u00e9servez votre taxi priv\u00e9 \u00e0 Malaga \u00e0 l&#039;avance<\/title>\n<meta name=\"description\" content=\"La meilleure fa\u00e7on de rester calme est de savoir que vous pouvez compter sur une entreprise s\u00e9rieuse pour vous garantir un service de transfert \u00e0 Malaga.\" \/>\n<meta name=\"robots\" content=\"index, follow, max-snippet:-1, max-image-preview:large, max-video-preview:-1\" \/>\n<link rel=\"canonical\" href=\"https:\/\/www.reservataximalaga.com\/fr\/reservez-votre-taxi-prive-a-malaga-a-lavance\/\" \/>\n<meta property=\"og:locale\" content=\"fr_FR\" \/>\n<meta property=\"og:type\" content=\"article\" \/>\n<meta property=\"og:title\" content=\"R\u00e9servez votre taxi priv\u00e9 \u00e0 Malaga \u00e0 l&#039;avance\" \/>\n<meta property=\"og:description\" content=\"La meilleure fa\u00e7on de rester calme est de savoir que vous pouvez compter sur une entreprise s\u00e9rieuse pour vous garantir un service de transfert \u00e0 Malaga.\" \/>\n<meta property=\"og:url\" content=\"https:\/\/www.reservataximalaga.com\/fr\/reservez-votre-taxi-prive-a-malaga-a-lavance\/\" \/>\n<meta property=\"og:site_name\" content=\"Taxi Aeropuerto Malaga. Transfer, traslado, reserva de taxi en Malaga.\" \/>\n<meta property=\"article:published_time\" content=\"2018-08-23T00:16:06+00:00\" \/>\n<meta property=\"article:modified_time\" content=\"2018-08-23T00:44:12+00:00\" \/>\n<meta property=\"og:image\" content=\"https:\/\/www.reservataximalaga.com\/wp-content\/uploads\/2018\/08\/reserva-taxi-privado-malaga.jpg\" \/>\n\t<meta property=\"og:image:width\" content=\"800\" \/>\n\t<meta property=\"og:image:height\" content=\"600\" \/>\n\t<meta property=\"og:image:type\" content=\"image\/jpeg\" \/>\n<meta name=\"author\" content=\"David\" \/>\n<meta name=\"twitter:label1\" content=\"\u00c9crit par\" \/>\n\t<meta name=\"twitter:data1\" content=\"David\" \/>\n\t<meta name=\"twitter:label2\" content=\"Dur\u00e9e de lecture estim\u00e9e\" \/>\n\t<meta name=\"twitter:data2\" content=\"3 minutes\" \/>\n<script type=\"application\/ld+json\" class=\"yoast-schema-graph\">{\"@context\":\"https:\\\/\\\/schema.org\",\"@graph\":[{\"@type\":\"Article\",\"@id\":\"https:\\\/\\\/www.reservataximalaga.com\\\/fr\\\/reservez-votre-taxi-prive-a-malaga-a-lavance\\\/#article\",\"isPartOf\":{\"@id\":\"https:\\\/\\\/www.reservataximalaga.com\\\/fr\\\/reservez-votre-taxi-prive-a-malaga-a-lavance\\\/\"},\"author\":{\"name\":\"David\",\"@id\":\"https:\\\/\\\/www.reservataximalaga.com\\\/#\\\/schema\\\/person\\\/335fea23a71e1133cf51167f3b705272\"},\"headline\":\"R\u00e9servez votre taxi priv\u00e9 \u00e0 Malaga \u00e0 l&rsquo;avance\",\"datePublished\":\"2018-08-23T00:16:06+00:00\",\"dateModified\":\"2018-08-23T00:44:12+00:00\",\"mainEntityOfPage\":{\"@id\":\"https:\\\/\\\/www.reservataximalaga.com\\\/fr\\\/reservez-votre-taxi-prive-a-malaga-a-lavance\\\/\"},\"wordCount\":567,\"publisher\":{\"@id\":\"https:\\\/\\\/www.reservataximalaga.com\\\/#organization\"},\"image\":{\"@id\":\"https:\\\/\\\/www.reservataximalaga.com\\\/fr\\\/reservez-votre-taxi-prive-a-malaga-a-lavance\\\/#primaryimage\"},\"thumbnailUrl\":\"https:\\\/\\\/www.reservataximalaga.com\\\/wp-content\\\/uploads\\\/2018\\\/08\\\/reserva-taxi-privado-malaga.jpg\",\"keywords\":[\"costa del sol\",\"taxi priv\u00e9\",\"transfert \u00e0 Malaga\"],\"articleSection\":[\"Sin categorizar\"],\"inLanguage\":\"fr-FR\"},{\"@type\":\"WebPage\",\"@id\":\"https:\\\/\\\/www.reservataximalaga.com\\\/fr\\\/reservez-votre-taxi-prive-a-malaga-a-lavance\\\/\",\"url\":\"https:\\\/\\\/www.reservataximalaga.com\\\/fr\\\/reservez-votre-taxi-prive-a-malaga-a-lavance\\\/\",\"name\":\"R\u00e9servez votre taxi priv\u00e9 \u00e0 Malaga \u00e0 l'avance\",\"isPartOf\":{\"@id\":\"https:\\\/\\\/www.reservataximalaga.com\\\/#website\"},\"primaryImageOfPage\":{\"@id\":\"https:\\\/\\\/www.reservataximalaga.com\\\/fr\\\/reservez-votre-taxi-prive-a-malaga-a-lavance\\\/#primaryimage\"},\"image\":{\"@id\":\"https:\\\/\\\/www.reservataximalaga.com\\\/fr\\\/reservez-votre-taxi-prive-a-malaga-a-lavance\\\/#primaryimage\"},\"thumbnailUrl\":\"https:\\\/\\\/www.reservataximalaga.com\\\/wp-content\\\/uploads\\\/2018\\\/08\\\/reserva-taxi-privado-malaga.jpg\",\"datePublished\":\"2018-08-23T00:16:06+00:00\",\"dateModified\":\"2018-08-23T00:44:12+00:00\",\"description\":\"La meilleure fa\u00e7on de rester calme est de savoir que vous pouvez compter sur une entreprise s\u00e9rieuse pour vous garantir un service de transfert \u00e0 Malaga.\",\"breadcrumb\":{\"@id\":\"https:\\\/\\\/www.reservataximalaga.com\\\/fr\\\/reservez-votre-taxi-prive-a-malaga-a-lavance\\\/#breadcrumb\"},\"inLanguage\":\"fr-FR\",\"potentialAction\":[{\"@type\":\"ReadAction\",\"target\":[\"https:\\\/\\\/www.reservataximalaga.com\\\/fr\\\/reservez-votre-taxi-prive-a-malaga-a-lavance\\\/\"]}]},{\"@type\":\"ImageObject\",\"inLanguage\":\"fr-FR\",\"@id\":\"https:\\\/\\\/www.reservataximalaga.com\\\/fr\\\/reservez-votre-taxi-prive-a-malaga-a-lavance\\\/#primaryimage\",\"url\":\"https:\\\/\\\/www.reservataximalaga.com\\\/wp-content\\\/uploads\\\/2018\\\/08\\\/reserva-taxi-privado-malaga.jpg\",\"contentUrl\":\"https:\\\/\\\/www.reservataximalaga.com\\\/wp-content\\\/uploads\\\/2018\\\/08\\\/reserva-taxi-privado-malaga.jpg\",\"width\":800,\"height\":600},{\"@type\":\"BreadcrumbList\",\"@id\":\"https:\\\/\\\/www.reservataximalaga.com\\\/fr\\\/reservez-votre-taxi-prive-a-malaga-a-lavance\\\/#breadcrumb\",\"itemListElement\":[{\"@type\":\"ListItem\",\"position\":1,\"name\":\"Portada\",\"item\":\"https:\\\/\\\/www.reservataximalaga.com\\\/fr\\\/\"},{\"@type\":\"ListItem\",\"position\":2,\"name\":\"R\u00e9servez votre taxi priv\u00e9 \u00e0 Malaga \u00e0 l&rsquo;avance\"}]},{\"@type\":\"WebSite\",\"@id\":\"https:\\\/\\\/www.reservataximalaga.com\\\/#website\",\"url\":\"https:\\\/\\\/www.reservataximalaga.com\\\/\",\"name\":\"Taxi Aeropuerto Malaga. Transfer, traslado, reserva de taxi en Malaga.\",\"description\":\"\",\"publisher\":{\"@id\":\"https:\\\/\\\/www.reservataximalaga.com\\\/#organization\"},\"potentialAction\":[{\"@type\":\"SearchAction\",\"target\":{\"@type\":\"EntryPoint\",\"urlTemplate\":\"https:\\\/\\\/www.reservataximalaga.com\\\/?s={search_term_string}\"},\"query-input\":{\"@type\":\"PropertyValueSpecification\",\"valueRequired\":true,\"valueName\":\"search_term_string\"}}],\"inLanguage\":\"fr-FR\"},{\"@type\":\"Organization\",\"@id\":\"https:\\\/\\\/www.reservataximalaga.com\\\/#organization\",\"name\":\"Reserva Taxi Malaga\",\"url\":\"https:\\\/\\\/www.reservataximalaga.com\\\/\",\"logo\":{\"@type\":\"ImageObject\",\"inLanguage\":\"fr-FR\",\"@id\":\"https:\\\/\\\/www.reservataximalaga.com\\\/#\\\/schema\\\/logo\\\/image\\\/\",\"url\":\"https:\\\/\\\/www.reservataximalaga.com\\\/wp-content\\\/uploads\\\/2017\\\/12\\\/logo-taxi-malaga-reserva-retina-peq.png\",\"contentUrl\":\"https:\\\/\\\/www.reservataximalaga.com\\\/wp-content\\\/uploads\\\/2017\\\/12\\\/logo-taxi-malaga-reserva-retina-peq.png\",\"width\":400,\"height\":54,\"caption\":\"Reserva Taxi Malaga\"},\"image\":{\"@id\":\"https:\\\/\\\/www.reservataximalaga.com\\\/#\\\/schema\\\/logo\\\/image\\\/\"}},{\"@type\":\"Person\",\"@id\":\"https:\\\/\\\/www.reservataximalaga.com\\\/#\\\/schema\\\/person\\\/335fea23a71e1133cf51167f3b705272\",\"name\":\"David\"}]}<\/script>\n<!-- \/ Yoast SEO plugin. -->","yoast_head_json":{"title":"R\u00e9servez votre taxi priv\u00e9 \u00e0 Malaga \u00e0 l'avance","description":"La meilleure fa\u00e7on de rester calme est de savoir que vous pouvez compter sur une entreprise s\u00e9rieuse pour vous garantir un service de transfert \u00e0 Malaga.","robots":{"index":"index","follow":"follow","max-snippet":"max-snippet:-1","max-image-preview":"max-image-preview:large","max-video-preview":"max-video-preview:-1"},"canonical":"https:\/\/www.reservataximalaga.com\/fr\/reservez-votre-taxi-prive-a-malaga-a-lavance\/","og_locale":"fr_FR","og_type":"article","og_title":"R\u00e9servez votre taxi priv\u00e9 \u00e0 Malaga \u00e0 l'avance","og_description":"La meilleure fa\u00e7on de rester calme est de savoir que vous pouvez compter sur une entreprise s\u00e9rieuse pour vous garantir un service de transfert \u00e0 Malaga.","og_url":"https:\/\/www.reservataximalaga.com\/fr\/reservez-votre-taxi-prive-a-malaga-a-lavance\/","og_site_name":"Taxi Aeropuerto Malaga. Transfer, traslado, reserva de taxi en Malaga.","article_published_time":"2018-08-23T00:16:06+00:00","article_modified_time":"2018-08-23T00:44:12+00:00","og_image":[{"width":800,"height":600,"url":"https:\/\/www.reservataximalaga.com\/wp-content\/uploads\/2018\/08\/reserva-taxi-privado-malaga.jpg","type":"image\/jpeg"}],"author":"David","twitter_misc":{"\u00c9crit par":"David","Dur\u00e9e de lecture estim\u00e9e":"3 minutes"},"schema":{"@context":"https:\/\/schema.org","@graph":[{"@type":"Article","@id":"https:\/\/www.reservataximalaga.com\/fr\/reservez-votre-taxi-prive-a-malaga-a-lavance\/#article","isPartOf":{"@id":"https:\/\/www.reservataximalaga.com\/fr\/reservez-votre-taxi-prive-a-malaga-a-lavance\/"},"author":{"name":"David","@id":"https:\/\/www.reservataximalaga.com\/#\/schema\/person\/335fea23a71e1133cf51167f3b705272"},"headline":"R\u00e9servez votre taxi priv\u00e9 \u00e0 Malaga \u00e0 l&rsquo;avance","datePublished":"2018-08-23T00:16:06+00:00","dateModified":"2018-08-23T00:44:12+00:00","mainEntityOfPage":{"@id":"https:\/\/www.reservataximalaga.com\/fr\/reservez-votre-taxi-prive-a-malaga-a-lavance\/"},"wordCount":567,"publisher":{"@id":"https:\/\/www.reservataximalaga.com\/#organization"},"image":{"@id":"https:\/\/www.reservataximalaga.com\/fr\/reservez-votre-taxi-prive-a-malaga-a-lavance\/#primaryimage"},"thumbnailUrl":"https:\/\/www.reservataximalaga.com\/wp-content\/uploads\/2018\/08\/reserva-taxi-privado-malaga.jpg","keywords":["costa del sol","taxi priv\u00e9","transfert \u00e0 Malaga"],"articleSection":["Sin categorizar"],"inLanguage":"fr-FR"},{"@type":"WebPage","@id":"https:\/\/www.reservataximalaga.com\/fr\/reservez-votre-taxi-prive-a-malaga-a-lavance\/","url":"https:\/\/www.reservataximalaga.com\/fr\/reservez-votre-taxi-prive-a-malaga-a-lavance\/","name":"R\u00e9servez votre taxi priv\u00e9 \u00e0 Malaga \u00e0 l'avance","isPartOf":{"@id":"https:\/\/www.reservataximalaga.com\/#website"},"primaryImageOfPage":{"@id":"https:\/\/www.reservataximalaga.com\/fr\/reservez-votre-taxi-prive-a-malaga-a-lavance\/#primaryimage"},"image":{"@id":"https:\/\/www.reservataximalaga.com\/fr\/reservez-votre-taxi-prive-a-malaga-a-lavance\/#primaryimage"},"thumbnailUrl":"https:\/\/www.reservataximalaga.com\/wp-content\/uploads\/2018\/08\/reserva-taxi-privado-malaga.jpg","datePublished":"2018-08-23T00:16:06+00:00","dateModified":"2018-08-23T00:44:12+00:00","description":"La meilleure fa\u00e7on de rester calme est de savoir que vous pouvez compter sur une entreprise s\u00e9rieuse pour vous garantir un service de transfert \u00e0 Malaga.","breadcrumb":{"@id":"https:\/\/www.reservataximalaga.com\/fr\/reservez-votre-taxi-prive-a-malaga-a-lavance\/#breadcrumb"},"inLanguage":"fr-FR","potentialAction":[{"@type":"ReadAction","target":["https:\/\/www.reservataximalaga.com\/fr\/reservez-votre-taxi-prive-a-malaga-a-lavance\/"]}]},{"@type":"ImageObject","inLanguage":"fr-FR","@id":"https:\/\/www.reservataximalaga.com\/fr\/reservez-votre-taxi-prive-a-malaga-a-lavance\/#primaryimage","url":"https:\/\/www.reservataximalaga.com\/wp-content\/uploads\/2018\/08\/reserva-taxi-privado-malaga.jpg","contentUrl":"https:\/\/www.reservataximalaga.com\/wp-content\/uploads\/2018\/08\/reserva-taxi-privado-malaga.jpg","width":800,"height":600},{"@type":"BreadcrumbList","@id":"https:\/\/www.reservataximalaga.com\/fr\/reservez-votre-taxi-prive-a-malaga-a-lavance\/#breadcrumb","itemListElement":[{"@type":"ListItem","position":1,"name":"Portada","item":"https:\/\/www.reservataximalaga.com\/fr\/"},{"@type":"ListItem","position":2,"name":"R\u00e9servez votre taxi priv\u00e9 \u00e0 Malaga \u00e0 l&rsquo;avance"}]},{"@type":"WebSite","@id":"https:\/\/www.reservataximalaga.com\/#website","url":"https:\/\/www.reservataximalaga.com\/","name":"Taxi Aeropuerto Malaga. Transfer, traslado, reserva de taxi en Malaga.","description":"","publisher":{"@id":"https:\/\/www.reservataximalaga.com\/#organization"},"potentialAction":[{"@type":"SearchAction","target":{"@type":"EntryPoint","urlTemplate":"https:\/\/www.reservataximalaga.com\/?s={search_term_string}"},"query-input":{"@type":"PropertyValueSpecification","valueRequired":true,"valueName":"search_term_string"}}],"inLanguage":"fr-FR"},{"@type":"Organization","@id":"https:\/\/www.reservataximalaga.com\/#organization","name":"Reserva Taxi Malaga","url":"https:\/\/www.reservataximalaga.com\/","logo":{"@type":"ImageObject","inLanguage":"fr-FR","@id":"https:\/\/www.reservataximalaga.com\/#\/schema\/logo\/image\/","url":"https:\/\/www.reservataximalaga.com\/wp-content\/uploads\/2017\/12\/logo-taxi-malaga-reserva-retina-peq.png","contentUrl":"https:\/\/www.reservataximalaga.com\/wp-content\/uploads\/2017\/12\/logo-taxi-malaga-reserva-retina-peq.png","width":400,"height":54,"caption":"Reserva Taxi Malaga"},"image":{"@id":"https:\/\/www.reservataximalaga.com\/#\/schema\/logo\/image\/"}},{"@type":"Person","@id":"https:\/\/www.reservataximalaga.com\/#\/schema\/person\/335fea23a71e1133cf51167f3b705272","name":"David"}]}},"_links":{"self":[{"href":"https:\/\/www.reservataximalaga.com\/fr\/wp-json\/wp\/v2\/posts\/2865","targetHints":{"allow":["GET"]}}],"collection":[{"href":"https:\/\/www.reservataximalaga.com\/fr\/wp-json\/wp\/v2\/posts"}],"about":[{"href":"https:\/\/www.reservataximalaga.com\/fr\/wp-json\/wp\/v2\/types\/post"}],"author":[{"embeddable":true,"href":"https:\/\/www.reservataximalaga.com\/fr\/wp-json\/wp\/v2\/users\/5"}],"replies":[{"embeddable":true,"href":"https:\/\/www.reservataximalaga.com\/fr\/wp-json\/wp\/v2\/comments?post=2865"}],"version-history":[{"count":0,"href":"https:\/\/www.reservataximalaga.com\/fr\/wp-json\/wp\/v2\/posts\/2865\/revisions"}],"wp:featuredmedia":[{"embeddable":true,"href":"https:\/\/www.reservataximalaga.com\/fr\/wp-json\/wp\/v2\/media\/2881"}],"wp:attachment":[{"href":"https:\/\/www.reservataximalaga.com\/fr\/wp-json\/wp\/v2\/media?parent=2865"}],"wp:term":[{"taxonomy":"category","embeddable":true,"href":"https:\/\/www.reservataximalaga.com\/fr\/wp-json\/wp\/v2\/categories?post=2865"},{"taxonomy":"post_tag","embeddable":true,"href":"https:\/\/www.reservataximalaga.com\/fr\/wp-json\/wp\/v2\/tags?post=2865"}],"curies":[{"name":"wp","href":"https:\/\/api.w.org\/{rel}","templated":true}]}}